{"id":2219,"date":"2026-02-07T15:39:00","date_gmt":"2026-02-07T15:39:00","guid":{"rendered":"https:\/\/thecoursefuture.com\/a9dbbb58-0c41-4de9-87c3-23f17e09a06e\/"},"modified":"2026-02-07T15:39:59","modified_gmt":"2026-02-07T15:39:59","slug":"a9dbbb58-0c41-4de9-87c3-23f17e09a06e","status":"publish","type":"post","link":"https:\/\/thecoursefuture.com\/pr\/a9dbbb58-0c41-4de9-87c3-23f17e09a06e\/","title":{"rendered":"Jovem Aprendiz Sapucaia 2026: Inclus\u00e3o, Sustentabilidade e Diversidade"},"content":{"rendered":"<\/p>\n<\/p>\n<div style=\"background: #ffffff; border-radius: 12px; box-shadow: 0 10px 30px rgba(0, 0, 0, 0.1); width: 100%; max-width: 340px; padding: 25px; transition: transform 0.3s ease-in-out; overflow: visible; display: flex; flex-direction: column; position: relative; border: 1px solid #28a745; margin-top: 70px; margin-bottom: 50px; margin-left: auto; margin-right: auto;\">\n<div style=\"position: absolute; top: -35px; right: 15px; color: #28a745; padding: 5px 10px; border-radius: 6px; font-size: 14px; font-weight: bold; display: flex; align-items: center; z-index: 10;\">Recomendado para voc\u00ea<\/div>\n<div data-namespace-header=\"\" style=\"\">\n<h3 data-namespace-title=\"\" style=\"color: #333; font-size: 20px; font-weight: bold; text-align: left; margin-right: 50px; min-height: 50px; margin-top: 0px;\">Jovem Aprendiz<\/h3>\n<\/p><\/div>\n<p data-namespace-prompt=\"\" style=\"font-size: 16px; color: #666; margin-bottom: 20px; line-height: 1.5; flex-grow: 1; text-align: left; margin-top: 0px;\">O programa Jovem Aprendiz busca talentos de 18 a 22 anos, oferece desenvolvimento em \u00e1reas administrativas, produ\u00e7\u00e3o e comunica\u00e7\u00e3o, com vagas afirmativas e mentoria.<\/p>\n<p>    <a data-namespace-url=\"\" href=\"https:\/\/thecoursefuture.com\/pr\/redirect\/?https:\/\/paraibunaembalagens.vagas.solides.com.br\/vaga\/737498?utm_campaign=google_jobs_apply&#038;utm_source=google_jobs_apply&#038;utm_medium=organic\" style=\"width: 100%; display: inline-block; color: white; text-decoration: none; border-radius: 6px; font-size: 16px; font-weight: bold; text-align: center; transition: transform 0.3s ease, background 0.3s ease; margin-top: auto;\" data-namespace-id=\"5c0d2565-3ba9-4280-a382-ad2a691e2285\"><br \/>\n        <button style=\"width: 100%; height: 55px; background: #e9e9ed; border: 1px solid black; color: black;\">Inscrever-se na vaga<\/button><br \/>\n    <\/a><br \/>\n    <small style=\"margin-top: 10px; color: #777; font-size: 12px; text-align: center; display: block;\">Voc\u00ea ser\u00e1 redirecionado para outro site<\/small>\n<\/div>\n<p>O Programa Jovem Aprendiz 2026 promovido pela Ind\u00fastria de Pap\u00e9is Sudeste LTDA \u00e9 uma oportunidade rara para jovens que buscam o primeiro emprego em um ambiente de respeito, inclus\u00e3o e desenvolvimento. O programa disponibiliza 25 vagas afirmativas, contemplando mulheres, pessoas pretas e o p\u00fablico LGBTQIAP+, e tamb\u00e9m \u00e9 eleg\u00edvel para PCD. N\u00e3o h\u00e1 informa\u00e7\u00e3o sobre sal\u00e1rio, mas a modalidade oferecida \u00e9 integral e presencial.<\/p>\n<p>Em rela\u00e7\u00e3o \u00e0s atribui\u00e7\u00f5es, o jovem atua em tarefas administrativas, de produ\u00e7\u00e3o e comunica\u00e7\u00e3o. H\u00e1 acompanhamento profissional e cursos te\u00f3ricos para agregar valor \u00e0 experi\u00eancia pr\u00e1tica. O dia a dia envolve organiza\u00e7\u00e3o de documentos, aux\u00edlio em rotinas de escrit\u00f3rio, apoio em setores de produ\u00e7\u00e3o e envolvimento em projetos relacionados \u00e0 sustentabilidade.<\/p>\n<h3>Responsabilidades do dia a dia<\/h3>\n<p>O jovem aprendiz executa tarefas de baixa complexidade sempre com orienta\u00e7\u00e3o, atuando em setores administrativos, de produ\u00e7\u00e3o e comunica\u00e7\u00e3o. H\u00e1 tamb\u00e9m participa\u00e7\u00e3o em cursos te\u00f3ricos estimulando o desenvolvimento t\u00e9cnico e comportamental. Al\u00e9m disso, s\u00e3o promovidas atividades pr\u00e1ticas ligadas \u00e0 rotina empresarial. Os candidatos ainda realizam atividades em grupo para estimularem o trabalho colaborativo. Conhecimento b\u00e1sico em Word e Excel \u00e9 valorizado.<\/p>\n<h3>Principais pontos positivos<\/h3>\n<p>O principal destaque \u00e9 o compromisso com diversidade, j\u00e1 que o programa possui vagas afirmativas para grupos historicamente sub-representados. Al\u00e9m disso, a empresa oferece mentoria e trilha de aprendizado estruturada para os jovens. O ambiente \u00e9 prop\u00edcio a desenvolver, desde cedo, habilidades interpessoais e de sustentabilidade. Outro ponto positivo \u00e9 o alinhamento do programa a institui\u00e7\u00f5es renomadas de forma\u00e7\u00e3o, como SENAI e SENAC. A possibilidade de crescimento interno valoriza ainda mais a experi\u00eancia.<\/p>\n<h3>Pontos de aten\u00e7\u00e3o<\/h3>\n<p>Nem tudo \u00e9 perfeito para os candidatos. A jornada integral pode gerar desafio para quem n\u00e3o disp\u00f5e de flexibilidade. Tamb\u00e9m n\u00e3o h\u00e1 divulga\u00e7\u00e3o do valor do sal\u00e1rio no an\u00fancio da vaga, o que para alguns pode ser frustrante. Competi\u00e7\u00e3o por vagas pode ser intensa dada a reputa\u00e7\u00e3o positiva da empresa e o destaque de suas a\u00e7\u00f5es afirmativas no mercado. A exig\u00eancia do Ensino M\u00e9dio completo ou cursando e da faixa et\u00e1ria reduzida restringe o acesso a alguns interessados. Por fim, vale considerar que o processo seletivo pode ser rigoroso por conta da quantidade de vagas limitadas.<\/p>\n<h3>Veredito<\/h3>\n<p>O Jovem Aprendiz na Ind\u00fastria de Pap\u00e9is Sudeste LTDA \u00e9 uma chance de ouro para quem valoriza diversidade, crescimento e sustentabilidade. Recomendo fortemente aos jovens com perfil proativo e esp\u00edrito colaborativo inscreverem-se. A mentoria, capacita\u00e7\u00e3o t\u00e9cnica e valoriza\u00e7\u00e3o de pessoas faz diferen\u00e7a real na carreira em in\u00edcio de jornada.<\/p>\n<div style=\"background: #ffffff; border-radius: 12px; box-shadow: 0 10px 30px rgba(0, 0, 0, 0.1); width: 100%; max-width: 340px; padding: 25px; transition: transform 0.3s ease-in-out; overflow: visible; display: flex; flex-direction: column; position: relative; border: 1px solid #28a745; margin-top: 70px; margin-bottom: 50px; margin-left: auto; margin-right: auto;\">\n<div style=\"position: absolute; top: -35px; right: 15px; color: #28a745; padding: 5px 10px; border-radius: 6px; font-size: 14px; font-weight: bold; display: flex; align-items: center; z-index: 10;\">Recomendado para voc\u00ea<\/div>\n<div data-namespace-header=\"\" style=\"\">\n<h3 data-namespace-title=\"\" style=\"color: #333; font-size: 20px; font-weight: bold; text-align: left; margin-right: 50px; min-height: 50px; margin-top: 0px;\">Jovem Aprendiz<\/h3>\n<\/p><\/div>\n<p data-namespace-prompt=\"\" style=\"font-size: 16px; color: #666; margin-bottom: 20px; line-height: 1.5; flex-grow: 1; text-align: left; margin-top: 0px;\">O programa Jovem Aprendiz busca talentos de 18 a 22 anos, oferece desenvolvimento em \u00e1reas administrativas, produ\u00e7\u00e3o e comunica\u00e7\u00e3o, com vagas afirmativas e mentoria.<\/p>\n<p>    <a data-namespace-url=\"\" href=\"https:\/\/thecoursefuture.com\/pr\/redirect\/?https:\/\/paraibunaembalagens.vagas.solides.com.br\/vaga\/737498?utm_campaign=google_jobs_apply&#038;utm_source=google_jobs_apply&#038;utm_medium=organic\" style=\"width: 100%; display: inline-block; color: white; text-decoration: none; border-radius: 6px; font-size: 16px; font-weight: bold; text-align: center; transition: transform 0.3s ease, background 0.3s ease; margin-top: auto;\" data-namespace-id=\"5c0d2565-3ba9-4280-a382-ad2a691e2285\"><br \/>\n        <button style=\"width: 100%; height: 55px; background: #e9e9ed; border: 1px solid black; color: black;\">Inscrever-se na vaga<\/button><br \/>\n    <\/a><br \/>\n    <small style=\"margin-top: 10px; color: #777; font-size: 12px; text-align: center; display: block;\">Voc\u00ea ser\u00e1 redirecionado para outro site<\/small>\n<\/div>","protected":false},"excerpt":{"rendered":"<p>Participe do Programa Jovem Aprendiz 2026! Vagas afirmativas, desenvolvimento profissional, mentoria e inclus\u00e3o. Oportunidade para jovens entre 18 e 22 anos.<\/p>","protected":false},"author":3,"featured_media":0,"comment_status":"open","ping_status":"open","sticky":false,"template":"","format":"standard","meta":{"_uag_custom_page_level_css":"","site-sidebar-layout":"default","site-content-layout":"","ast-site-content-layout":"","site-content-style":"default","site-sidebar-style":"default","ast-global-header-display":"","ast-banner-title-visibility":"","ast-main-header-display":"","ast-hfb-above-header-display":"","ast-hfb-below-header-display":"","ast-hfb-mobile-header-display":"","site-post-title":"","ast-breadcrumbs-content":"","ast-featured-img":"","footer-sml-layout":"","theme-transparent-header-meta":"","adv-header-id-meta":"","stick-header-meta":"","header-above-stick-meta":"","header-main-stick-meta":"","header-below-stick-meta":"","astra-migrate-meta-layouts":"default","ast-page-background-enabled":"default","ast-page-background-meta":{"desktop":{"background-color":"var(--ast-global-color-4)","background-image":"","background-repeat":"repeat","background-position":"center center","background-size":"auto","background-attachment":"scroll","background-type":"","background-media":"","overlay-type":"","overlay-color":"","overlay-opacity":"","overlay-gradient":""},"tablet":{"background-color":"","background-image":"","background-repeat":"repeat","background-position":"center center","background-size":"auto","background-attachment":"scroll","background-type":"","background-media":"","overlay-type":"","overlay-color":"","overlay-opacity":"","overlay-gradient":""},"mobile":{"background-color":"","background-image":"","background-repeat":"repeat","background-position":"center center","background-size":"auto","background-attachment":"scroll","background-type":"","background-media":"","overlay-type":"","overlay-color":"","overlay-opacity":"","overlay-gradient":""}},"ast-content-background-meta":{"desktop":{"background-color":"var(--ast-global-color-5)","background-image":"","background-repeat":"repeat","background-position":"center center","background-size":"auto","background-attachment":"scroll","background-type":"","background-media":"","overlay-type":"","overlay-color":"","overlay-opacity":"","overlay-gradient":""},"tablet":{"background-color":"var(--ast-global-color-5)","background-image":"","background-repeat":"repeat","background-position":"center center","background-size":"auto","background-attachment":"scroll","background-type":"","background-media":"","overlay-type":"","overlay-color":"","overlay-opacity":"","overlay-gradient":""},"mobile":{"background-color":"var(--ast-global-color-5)","background-image":"","background-repeat":"repeat","background-position":"center center","background-size":"auto","background-attachment":"scroll","background-type":"","background-media":"","overlay-type":"","overlay-color":"","overlay-opacity":"","overlay-gradient":""}},"footnotes":""},"categories":[9],"tags":[],"yoast_head":"<!-- This site is optimized with the Yoast SEO plugin v23.3 - https:\/\/yoast.com\/wordpress\/plugins\/seo\/ -->\n<title>Jovem Aprendiz Sapucaia 2026: Inclus\u00e3o, Sustentabilidade e Diversidade - The Course Future<\/title>\n<meta name=\"robots\" content=\"index, follow, max-snippet:-1, max-image-preview:large, max-video-preview:-1\" \/>\n<link rel=\"canonical\" href=\"https:\/\/thecoursefuture.com\/pr\/a9dbbb58-0c41-4de9-87c3-23f17e09a06e\/\" \/>\n<meta property=\"og:locale\" content=\"es_ES\" \/>\n<meta property=\"og:type\" content=\"article\" \/>\n<meta property=\"og:title\" content=\"Jovem Aprendiz Sapucaia 2026: Inclus\u00e3o, Sustentabilidade e Diversidade - The Course Future\" \/>\n<meta property=\"og:description\" content=\"Participe do Programa Jovem Aprendiz 2026! Vagas afirmativas, desenvolvimento profissional, mentoria e inclus\u00e3o. Oportunidade para jovens entre 18 e 22 anos.\" \/>\n<meta property=\"og:url\" content=\"https:\/\/thecoursefuture.com\/pr\/a9dbbb58-0c41-4de9-87c3-23f17e09a06e\/\" \/>\n<meta property=\"og:site_name\" content=\"The Course Future\" \/>\n<meta property=\"article:published_time\" content=\"2026-02-07T15:39:00+00:00\" \/>\n<meta property=\"article:modified_time\" content=\"2026-02-07T15:39:59+00:00\" \/>\n<meta name=\"author\" content=\"Bruno Gianni\" \/>\n<meta name=\"twitter:card\" content=\"summary_large_image\" \/>\n<meta name=\"twitter:label1\" content=\"Written by\" \/>\n\t<meta name=\"twitter:data1\" content=\"Bruno Gianni\" \/>\n\t<meta name=\"twitter:label2\" content=\"Est. reading time\" \/>\n\t<meta name=\"twitter:data2\" content=\"3 minutos\" \/>\n<script type=\"application\/ld+json\" class=\"yoast-schema-graph\">{\"@context\":\"https:\/\/schema.org\",\"@graph\":[{\"@type\":\"Article\",\"@id\":\"https:\/\/thecoursefuture.com\/a9dbbb58-0c41-4de9-87c3-23f17e09a06e\/#article\",\"isPartOf\":{\"@id\":\"https:\/\/thecoursefuture.com\/a9dbbb58-0c41-4de9-87c3-23f17e09a06e\/\"},\"author\":{\"name\":\"Bruno Gianni\",\"@id\":\"https:\/\/thecoursefuture.com\/#\/schema\/person\/d52888235fd6563bd07d97185d6a61e4\"},\"headline\":\"Jovem Aprendiz Sapucaia 2026: Inclus\u00e3o, Sustentabilidade e Diversidade\",\"datePublished\":\"2026-02-07T15:39:00+00:00\",\"dateModified\":\"2026-02-07T15:39:59+00:00\",\"mainEntityOfPage\":{\"@id\":\"https:\/\/thecoursefuture.com\/a9dbbb58-0c41-4de9-87c3-23f17e09a06e\/\"},\"wordCount\":534,\"commentCount\":0,\"publisher\":{\"@id\":\"https:\/\/thecoursefuture.com\/#organization\"},\"articleSection\":[\"Hidden\"],\"inLanguage\":\"es\",\"potentialAction\":[{\"@type\":\"CommentAction\",\"name\":\"Comment\",\"target\":[\"https:\/\/thecoursefuture.com\/a9dbbb58-0c41-4de9-87c3-23f17e09a06e\/#respond\"]}]},{\"@type\":\"WebPage\",\"@id\":\"https:\/\/thecoursefuture.com\/a9dbbb58-0c41-4de9-87c3-23f17e09a06e\/\",\"url\":\"https:\/\/thecoursefuture.com\/a9dbbb58-0c41-4de9-87c3-23f17e09a06e\/\",\"name\":\"Jovem Aprendiz Sapucaia 2026: Inclus\u00e3o, Sustentabilidade e Diversidade - The Course Future\",\"isPartOf\":{\"@id\":\"https:\/\/thecoursefuture.com\/#website\"},\"datePublished\":\"2026-02-07T15:39:00+00:00\",\"dateModified\":\"2026-02-07T15:39:59+00:00\",\"breadcrumb\":{\"@id\":\"https:\/\/thecoursefuture.com\/a9dbbb58-0c41-4de9-87c3-23f17e09a06e\/#breadcrumb\"},\"inLanguage\":\"es\",\"potentialAction\":[{\"@type\":\"ReadAction\",\"target\":[\"https:\/\/thecoursefuture.com\/a9dbbb58-0c41-4de9-87c3-23f17e09a06e\/\"]}]},{\"@type\":\"BreadcrumbList\",\"@id\":\"https:\/\/thecoursefuture.com\/a9dbbb58-0c41-4de9-87c3-23f17e09a06e\/#breadcrumb\",\"itemListElement\":[{\"@type\":\"ListItem\",\"position\":1,\"name\":\"Home\",\"item\":\"https:\/\/thecoursefuture.com\/\"},{\"@type\":\"ListItem\",\"position\":2,\"name\":\"Jovem Aprendiz Sapucaia 2026: Inclus\u00e3o, Sustentabilidade e Diversidade\"}]},{\"@type\":\"WebSite\",\"@id\":\"https:\/\/thecoursefuture.com\/#website\",\"url\":\"https:\/\/thecoursefuture.com\/\",\"name\":\"The Course Future\",\"description\":\"\",\"publisher\":{\"@id\":\"https:\/\/thecoursefuture.com\/#organization\"},\"potentialAction\":[{\"@type\":\"SearchAction\",\"target\":{\"@type\":\"EntryPoint\",\"urlTemplate\":\"https:\/\/thecoursefuture.com\/?s={search_term_string}\"},\"query-input\":\"required name=search_term_string\"}],\"inLanguage\":\"es\"},{\"@type\":\"Organization\",\"@id\":\"https:\/\/thecoursefuture.com\/#organization\",\"name\":\"The Course Future\",\"url\":\"https:\/\/thecoursefuture.com\/\",\"logo\":{\"@type\":\"ImageObject\",\"inLanguage\":\"es\",\"@id\":\"https:\/\/thecoursefuture.com\/#\/schema\/logo\/image\/\",\"url\":\"https:\/\/thecoursefuture.com\/wp-content\/uploads\/sites\/790\/2026\/03\/cropped-The-Course-Future.jpg\",\"contentUrl\":\"https:\/\/thecoursefuture.com\/wp-content\/uploads\/sites\/790\/2026\/03\/cropped-The-Course-Future.jpg\",\"width\":512,\"height\":512,\"caption\":\"The Course Future\"},\"image\":{\"@id\":\"https:\/\/thecoursefuture.com\/#\/schema\/logo\/image\/\"}},{\"@type\":\"Person\",\"@id\":\"https:\/\/thecoursefuture.com\/#\/schema\/person\/d52888235fd6563bd07d97185d6a61e4\",\"name\":\"Bruno Gianni\",\"image\":{\"@type\":\"ImageObject\",\"inLanguage\":\"es\",\"@id\":\"https:\/\/thecoursefuture.com\/#\/schema\/person\/image\/\",\"url\":\"https:\/\/secure.gravatar.com\/avatar\/0f5d42d7bf77874643c1478932860e3f?s=96&d=mm&r=g\",\"contentUrl\":\"https:\/\/secure.gravatar.com\/avatar\/0f5d42d7bf77874643c1478932860e3f?s=96&d=mm&r=g\",\"caption\":\"Bruno Gianni\"},\"description\":\"Bruno writes the way he lives, with curiosity, care, and respect for people. He likes to observe, listen, and try to understand what is happening on the other side before putting any words on the page.For him, writing is not about impressing, but about getting closer. It is about turning thoughts into something simple, clear, and real. Every text is an ongoing conversation, created with care and honesty, with the sincere intention of touching someone, somewhere along the way.\",\"url\":\"https:\/\/thecoursefuture.com\/pr\/author\/bcgianni\/\"}]}<\/script>\n<!-- \/ Yoast SEO plugin. -->","yoast_head_json":{"title":"Jovem Aprendiz Sapucaia 2026: Inclus\u00e3o, Sustentabilidade e Diversidade - The Course Future","robots":{"index":"index","follow":"follow","max-snippet":"max-snippet:-1","max-image-preview":"max-image-preview:large","max-video-preview":"max-video-preview:-1"},"canonical":"https:\/\/thecoursefuture.com\/pr\/a9dbbb58-0c41-4de9-87c3-23f17e09a06e\/","og_locale":"es_ES","og_type":"article","og_title":"Jovem Aprendiz Sapucaia 2026: Inclus\u00e3o, Sustentabilidade e Diversidade - The Course Future","og_description":"Participe do Programa Jovem Aprendiz 2026! Vagas afirmativas, desenvolvimento profissional, mentoria e inclus\u00e3o. Oportunidade para jovens entre 18 e 22 anos.","og_url":"https:\/\/thecoursefuture.com\/pr\/a9dbbb58-0c41-4de9-87c3-23f17e09a06e\/","og_site_name":"The Course Future","article_published_time":"2026-02-07T15:39:00+00:00","article_modified_time":"2026-02-07T15:39:59+00:00","author":"Bruno Gianni","twitter_card":"summary_large_image","twitter_misc":{"Written by":"Bruno Gianni","Est. reading time":"3 minutos"},"schema":{"@context":"https:\/\/schema.org","@graph":[{"@type":"Article","@id":"https:\/\/thecoursefuture.com\/a9dbbb58-0c41-4de9-87c3-23f17e09a06e\/#article","isPartOf":{"@id":"https:\/\/thecoursefuture.com\/a9dbbb58-0c41-4de9-87c3-23f17e09a06e\/"},"author":{"name":"Bruno Gianni","@id":"https:\/\/thecoursefuture.com\/#\/schema\/person\/d52888235fd6563bd07d97185d6a61e4"},"headline":"Jovem Aprendiz Sapucaia 2026: Inclus\u00e3o, Sustentabilidade e Diversidade","datePublished":"2026-02-07T15:39:00+00:00","dateModified":"2026-02-07T15:39:59+00:00","mainEntityOfPage":{"@id":"https:\/\/thecoursefuture.com\/a9dbbb58-0c41-4de9-87c3-23f17e09a06e\/"},"wordCount":534,"commentCount":0,"publisher":{"@id":"https:\/\/thecoursefuture.com\/#organization"},"articleSection":["Hidden"],"inLanguage":"es","potentialAction":[{"@type":"CommentAction","name":"Comment","target":["https:\/\/thecoursefuture.com\/a9dbbb58-0c41-4de9-87c3-23f17e09a06e\/#respond"]}]},{"@type":"WebPage","@id":"https:\/\/thecoursefuture.com\/a9dbbb58-0c41-4de9-87c3-23f17e09a06e\/","url":"https:\/\/thecoursefuture.com\/a9dbbb58-0c41-4de9-87c3-23f17e09a06e\/","name":"Jovem Aprendiz Sapucaia 2026: Inclus\u00e3o, Sustentabilidade e Diversidade - The Course Future","isPartOf":{"@id":"https:\/\/thecoursefuture.com\/#website"},"datePublished":"2026-02-07T15:39:00+00:00","dateModified":"2026-02-07T15:39:59+00:00","breadcrumb":{"@id":"https:\/\/thecoursefuture.com\/a9dbbb58-0c41-4de9-87c3-23f17e09a06e\/#breadcrumb"},"inLanguage":"es","potentialAction":[{"@type":"ReadAction","target":["https:\/\/thecoursefuture.com\/a9dbbb58-0c41-4de9-87c3-23f17e09a06e\/"]}]},{"@type":"BreadcrumbList","@id":"https:\/\/thecoursefuture.com\/a9dbbb58-0c41-4de9-87c3-23f17e09a06e\/#breadcrumb","itemListElement":[{"@type":"ListItem","position":1,"name":"Home","item":"https:\/\/thecoursefuture.com\/"},{"@type":"ListItem","position":2,"name":"Jovem Aprendiz Sapucaia 2026: Inclus\u00e3o, Sustentabilidade e Diversidade"}]},{"@type":"WebSite","@id":"https:\/\/thecoursefuture.com\/#website","url":"https:\/\/thecoursefuture.com\/","name":"The Course Future","description":"","publisher":{"@id":"https:\/\/thecoursefuture.com\/#organization"},"potentialAction":[{"@type":"SearchAction","target":{"@type":"EntryPoint","urlTemplate":"https:\/\/thecoursefuture.com\/?s={search_term_string}"},"query-input":"required name=search_term_string"}],"inLanguage":"es"},{"@type":"Organization","@id":"https:\/\/thecoursefuture.com\/#organization","name":"The Course Future","url":"https:\/\/thecoursefuture.com\/","logo":{"@type":"ImageObject","inLanguage":"es","@id":"https:\/\/thecoursefuture.com\/#\/schema\/logo\/image\/","url":"https:\/\/thecoursefuture.com\/wp-content\/uploads\/sites\/790\/2026\/03\/cropped-The-Course-Future.jpg","contentUrl":"https:\/\/thecoursefuture.com\/wp-content\/uploads\/sites\/790\/2026\/03\/cropped-The-Course-Future.jpg","width":512,"height":512,"caption":"The Course Future"},"image":{"@id":"https:\/\/thecoursefuture.com\/#\/schema\/logo\/image\/"}},{"@type":"Person","@id":"https:\/\/thecoursefuture.com\/#\/schema\/person\/d52888235fd6563bd07d97185d6a61e4","name":"Bruno Gianni","image":{"@type":"ImageObject","inLanguage":"es","@id":"https:\/\/thecoursefuture.com\/#\/schema\/person\/image\/","url":"https:\/\/secure.gravatar.com\/avatar\/0f5d42d7bf77874643c1478932860e3f?s=96&d=mm&r=g","contentUrl":"https:\/\/secure.gravatar.com\/avatar\/0f5d42d7bf77874643c1478932860e3f?s=96&d=mm&r=g","caption":"Bruno Gianni"},"description":"Bruno writes the way he lives, with curiosity, care, and respect for people. He likes to observe, listen, and try to understand what is happening on the other side before putting any words on the page.For him, writing is not about impressing, but about getting closer. It is about turning thoughts into something simple, clear, and real. Every text is an ongoing conversation, created with care and honesty, with the sincere intention of touching someone, somewhere along the way.","url":"https:\/\/thecoursefuture.com\/pr\/author\/bcgianni\/"}]}},"uagb_featured_image_src":{"full":false,"thumbnail":false,"medium":false,"medium_large":false,"large":false,"1536x1536":false,"2048x2048":false,"trp-custom-language-flag":false},"uagb_author_info":{"display_name":"Bruno Gianni","author_link":"https:\/\/thecoursefuture.com\/pr\/author\/bcgianni\/"},"uagb_comment_info":0,"uagb_excerpt":"Participe do Programa Jovem Aprendiz 2026! Vagas afirmativas, desenvolvimento profissional, mentoria e inclus\u00e3o. Oportunidade para jovens entre 18 e 22 anos.","_links":{"self":[{"href":"https:\/\/thecoursefuture.com\/pr\/wp-json\/wp\/v2\/posts\/2219"}],"collection":[{"href":"https:\/\/thecoursefuture.com\/pr\/wp-json\/wp\/v2\/posts"}],"about":[{"href":"https:\/\/thecoursefuture.com\/pr\/wp-json\/wp\/v2\/types\/post"}],"author":[{"embeddable":true,"href":"https:\/\/thecoursefuture.com\/pr\/wp-json\/wp\/v2\/users\/3"}],"replies":[{"embeddable":true,"href":"https:\/\/thecoursefuture.com\/pr\/wp-json\/wp\/v2\/comments?post=2219"}],"version-history":[{"count":1,"href":"https:\/\/thecoursefuture.com\/pr\/wp-json\/wp\/v2\/posts\/2219\/revisions"}],"predecessor-version":[{"id":2227,"href":"https:\/\/thecoursefuture.com\/pr\/wp-json\/wp\/v2\/posts\/2219\/revisions\/2227"}],"wp:attachment":[{"href":"https:\/\/thecoursefuture.com\/pr\/wp-json\/wp\/v2\/media?parent=2219"}],"wp:term":[{"taxonomy":"category","embeddable":true,"href":"https:\/\/thecoursefuture.com\/pr\/wp-json\/wp\/v2\/categories?post=2219"},{"taxonomy":"post_tag","embeddable":true,"href":"https:\/\/thecoursefuture.com\/pr\/wp-json\/wp\/v2\/tags?post=2219"}],"curies":[{"name":"wp","href":"https:\/\/api.w.org\/{rel}","templated":true}]}}