{"id":2382,"date":"2026-02-07T18:33:00","date_gmt":"2026-02-07T18:33:00","guid":{"rendered":"https:\/\/thecoursefuture.com\/011d0f5a-d3f4-4aab-b255-45fb8b837caa\/"},"modified":"2026-02-07T18:33:53","modified_gmt":"2026-02-07T18:33:53","slug":"011d0f5a-d3f4-4aab-b255-45fb8b837caa","status":"publish","type":"post","link":"https:\/\/thecoursefuture.com\/ca\/011d0f5a-d3f4-4aab-b255-45fb8b837caa\/","title":{"rendered":"Jovem Aprendiz Claro: destaque no programa para primeiro emprego e benef\u00edcios"},"content":{"rendered":"<\/p>\n<\/p>\n<div style=\"background: #ffffff; border-radius: 12px; box-shadow: 0 10px 30px rgba(0, 0, 0, 0.1); width: 100%; max-width: 340px; padding: 25px; transition: transform 0.3s ease-in-out; overflow: visible; display: flex; flex-direction: column; position: relative; border: 1px solid #28a745; margin-top: 70px; margin-bottom: 50px; margin-left: auto; margin-right: auto;\">\n<div style=\"position: absolute; top: -35px; right: 15px; color: #28a745; padding: 5px 10px; border-radius: 6px; font-size: 14px; font-weight: bold; display: flex; align-items: center; z-index: 10;\">Recommended for you<\/div>\n<div data-namespace-header=\"\" style=\"\">\n<h3 data-namespace-title=\"\" style=\"color: #333; font-size: 20px; font-weight: bold; text-align: left; margin-right: 50px; min-height: 50px; margin-top: 0px;\">Jovem Aprendiz Claro<\/h3>\n<\/p><\/div>\n<p data-namespace-prompt=\"\" style=\"font-size: 16px; color: #666; margin-bottom: 20px; line-height: 1.5; flex-grow: 1; text-align: left; margin-top: 0px;\">Programa para jovens de 16 a 21 anos, com ensino m\u00e9dio em curso ou completo. Oferece sal\u00e1rio fixo, benef\u00edcios completos e forma\u00e7\u00e3o pr\u00e1tica. \u00d3tima chance de crescer e aprender na \u00e1rea de telecomunica\u00e7\u00f5es.<\/p>\n<p>    <a data-namespace-url=\"\" href=\"https:\/\/thecoursefuture.com\/ca\/redirect\/?https:\/\/www.catho.com.br\/vagas\/jovem-aprendiz-claro-sao-goncalo-venha-crescer-com-a-gente\/34262466\/?utm_campaign=google_jobs_apply&#038;utm_source=google_jobs_apply&#038;utm_medium=organic\" style=\"width: 100%; display: inline-block; color: white; text-decoration: none; border-radius: 6px; font-size: 16px; font-weight: bold; text-align: center; transition: transform 0.3s ease, background 0.3s ease; margin-top: auto;\" data-namespace-id=\"5c0d2565-3ba9-4280-a382-ad2a691e2285\"><br \/>\n        <button style=\"width: 100%; height: 55px; background: #e9e9ed; border: 1px solid black; color: black;\">Candidatar-se \u00e0 vaga<\/button><br \/>\n    <\/a><br \/>\n    <small style=\"margin-top: 10px; color: #777; font-size: 12px; text-align: center; display: block;\">You will be redirected to another site<\/small>\n<\/div>\n<p>O programa Jovem Aprendiz Claro \u00e9 uma \u00f3tima porta de entrada para quem deseja iniciar uma carreira em telecomunica\u00e7\u00f5es e adquirir experi\u00eancia profissional relevante. Voltada para jovens de 16 a 21 anos, a vaga exige ensino m\u00e9dio em andamento ou completo e possibilita o primeiro contato pr\u00e1tico com o universo corporativo. O contrato costuma durar entre 20 a 22 meses, com expediente de 4 horas di\u00e1rias em um turno fixo (manh\u00e3 ou tarde).<\/p>\n<p>Entre os destaques est\u00e3o sal\u00e1rio fixo compat\u00edvel, benef\u00edcios completos como vale-transporte, vale alimenta\u00e7\u00e3o\/refei\u00e7\u00e3o di\u00e1rio, assist\u00eancia m\u00e9dica, seguro de vida, aux\u00edlio-creche e acesso ao programa de bem-estar. N\u00e3o \u00e9 exigida experi\u00eancia anterior, tornando-se ideal para quem busca o primeiro emprego.<\/p>\n<h2>Principais atividades e rotina<\/h2>\n<p>O Jovem Aprendiz na Claro executa atividades administrativas, participa de cursos de forma\u00e7\u00e3o e aprende na pr\u00e1tica como funciona uma grande empresa de telecom. O dia a dia envolve atendimento, organiza\u00e7\u00e3o de documentos e aux\u00edlio em tarefas operacionais. O participante tamb\u00e9m precisa se comprometer com um curso semanal de aprendizagem, ampliando conhecimentos e desenvolvendo habilidades profissionais valorizadas no mercado.<\/p>\n<h2>Vantagens e benef\u00edcios<\/h2>\n<p>O programa oferece n\u00e3o s\u00f3 um sal\u00e1rio competitivo, mas tamb\u00e9m benef\u00edcios consolidados no mercado. Dentre eles, destaca-se o investimento no desenvolvimento profissional com ambiente de trabalho inovador e inclusivo. A Claro estimula a autonomia do jovem e incentiva o crescimento dentro da empresa.<\/p>\n<h2>Pontos de aten\u00e7\u00e3o<\/h2>\n<p>O processo seletivo conta com diversas etapas, incluindo v\u00eddeo de apresenta\u00e7\u00e3o e entrevistas online e presenciais, o que pode requerer dedica\u00e7\u00e3o e preparo. A dura\u00e7\u00e3o do contrato pode limitar a continuidade do emprego ap\u00f3s o t\u00e9rmino do programa. Como \u00e9 posi\u00e7\u00e3o de entrada, as atividades podem ser mais operacionais.<\/p>\n<h2>Considera\u00e7\u00f5es finais<\/h2>\n<p>O Jovem Aprendiz Claro se reafirma como excelente oportunidade para jovens em busca do primeiro emprego, com treinamento, benef\u00edcios s\u00f3lidos e chances reais de crescimento profissional na \u00e1rea de telecomunica\u00e7\u00f5es. A vaga \u00e9 ideal para quem tem vontade de aprender e construir carreira, mesmo sem experi\u00eancia pr\u00e9via.<\/p>\n<div style=\"background: #ffffff; border-radius: 12px; box-shadow: 0 10px 30px rgba(0, 0, 0, 0.1); width: 100%; max-width: 340px; padding: 25px; transition: transform 0.3s ease-in-out; overflow: visible; display: flex; flex-direction: column; position: relative; border: 1px solid #28a745; margin-top: 70px; margin-bottom: 50px; margin-left: auto; margin-right: auto;\">\n<div style=\"position: absolute; top: -35px; right: 15px; color: #28a745; padding: 5px 10px; border-radius: 6px; font-size: 14px; font-weight: bold; display: flex; align-items: center; z-index: 10;\">Recommended for you<\/div>\n<div data-namespace-header=\"\" style=\"\">\n<h3 data-namespace-title=\"\" style=\"color: #333; font-size: 20px; font-weight: bold; text-align: left; margin-right: 50px; min-height: 50px; margin-top: 0px;\">Jovem Aprendiz Claro<\/h3>\n<\/p><\/div>\n<p data-namespace-prompt=\"\" style=\"font-size: 16px; color: #666; margin-bottom: 20px; line-height: 1.5; flex-grow: 1; text-align: left; margin-top: 0px;\">Programa para jovens de 16 a 21 anos, com ensino m\u00e9dio em curso ou completo. Oferece sal\u00e1rio fixo, benef\u00edcios completos e forma\u00e7\u00e3o pr\u00e1tica. \u00d3tima chance de crescer e aprender na \u00e1rea de telecomunica\u00e7\u00f5es.<\/p>\n<p>    <a data-namespace-url=\"\" href=\"https:\/\/thecoursefuture.com\/ca\/redirect\/?https:\/\/www.catho.com.br\/vagas\/jovem-aprendiz-claro-sao-goncalo-venha-crescer-com-a-gente\/34262466\/?utm_campaign=google_jobs_apply&#038;utm_source=google_jobs_apply&#038;utm_medium=organic\" style=\"width: 100%; display: inline-block; color: white; text-decoration: none; border-radius: 6px; font-size: 16px; font-weight: bold; text-align: center; transition: transform 0.3s ease, background 0.3s ease; margin-top: auto;\" data-namespace-id=\"5c0d2565-3ba9-4280-a382-ad2a691e2285\"><br \/>\n        <button style=\"width: 100%; height: 55px; background: #e9e9ed; border: 1px solid black; color: black;\">Candidatar-se \u00e0 vaga<\/button><br \/>\n    <\/a><br \/>\n    <small style=\"margin-top: 10px; color: #777; font-size: 12px; text-align: center; display: block;\">You will be redirected to another site<\/small>\n<\/div>","protected":false},"excerpt":{"rendered":"<p>Quer seu primeiro emprego? O Jovem Aprendiz Claro oferece sal\u00e1rio fixo, benef\u00edcios excelentes e forma\u00e7\u00e3o pr\u00e1tica para jovens de 16 a 21 anos. Confira os pr\u00f3s e contras e participe do processo!<\/p>","protected":false},"author":3,"featured_media":0,"comment_status":"open","ping_status":"open","sticky":false,"template":"","format":"standard","meta":{"_uag_custom_page_level_css":"","site-sidebar-layout":"default","site-content-layout":"","ast-site-content-layout":"","site-content-style":"default","site-sidebar-style":"default","ast-global-header-display":"","ast-banner-title-visibility":"","ast-main-header-display":"","ast-hfb-above-header-display":"","ast-hfb-below-header-display":"","ast-hfb-mobile-header-display":"","site-post-title":"","ast-breadcrumbs-content":"","ast-featured-img":"","footer-sml-layout":"","theme-transparent-header-meta":"","adv-header-id-meta":"","stick-header-meta":"","header-above-stick-meta":"","header-main-stick-meta":"","header-below-stick-meta":"","astra-migrate-meta-layouts":"default","ast-page-background-enabled":"default","ast-page-background-meta":{"desktop":{"background-color":"var(--ast-global-color-4)","background-image":"","background-repeat":"repeat","background-position":"center center","background-size":"auto","background-attachment":"scroll","background-type":"","background-media":"","overlay-type":"","overlay-color":"","overlay-opacity":"","overlay-gradient":""},"tablet":{"background-color":"","background-image":"","background-repeat":"repeat","background-position":"center center","background-size":"auto","background-attachment":"scroll","background-type":"","background-media":"","overlay-type":"","overlay-color":"","overlay-opacity":"","overlay-gradient":""},"mobile":{"background-color":"","background-image":"","background-repeat":"repeat","background-position":"center center","background-size":"auto","background-attachment":"scroll","background-type":"","background-media":"","overlay-type":"","overlay-color":"","overlay-opacity":"","overlay-gradient":""}},"ast-content-background-meta":{"desktop":{"background-color":"var(--ast-global-color-5)","background-image":"","background-repeat":"repeat","background-position":"center center","background-size":"auto","background-attachment":"scroll","background-type":"","background-media":"","overlay-type":"","overlay-color":"","overlay-opacity":"","overlay-gradient":""},"tablet":{"background-color":"var(--ast-global-color-5)","background-image":"","background-repeat":"repeat","background-position":"center center","background-size":"auto","background-attachment":"scroll","background-type":"","background-media":"","overlay-type":"","overlay-color":"","overlay-opacity":"","overlay-gradient":""},"mobile":{"background-color":"var(--ast-global-color-5)","background-image":"","background-repeat":"repeat","background-position":"center center","background-size":"auto","background-attachment":"scroll","background-type":"","background-media":"","overlay-type":"","overlay-color":"","overlay-opacity":"","overlay-gradient":""}},"footnotes":""},"categories":[9],"tags":[],"yoast_head":"<!-- This site is optimized with the Yoast SEO plugin v23.3 - https:\/\/yoast.com\/wordpress\/plugins\/seo\/ -->\n<title>Jovem Aprendiz Claro: destaque no programa para primeiro emprego e benef\u00edcios - The Course Future<\/title>\n<meta name=\"robots\" content=\"index, follow, max-snippet:-1, max-image-preview:large, max-video-preview:-1\" \/>\n<link rel=\"canonical\" href=\"https:\/\/thecoursefuture.com\/ca\/011d0f5a-d3f4-4aab-b255-45fb8b837caa\/\" \/>\n<meta property=\"og:locale\" content=\"en_US\" \/>\n<meta property=\"og:type\" content=\"article\" \/>\n<meta property=\"og:title\" content=\"Jovem Aprendiz Claro: destaque no programa para primeiro emprego e benef\u00edcios - The Course Future\" \/>\n<meta property=\"og:description\" content=\"Quer seu primeiro emprego? O Jovem Aprendiz Claro oferece sal\u00e1rio fixo, benef\u00edcios excelentes e forma\u00e7\u00e3o pr\u00e1tica para jovens de 16 a 21 anos. Confira os pr\u00f3s e contras e participe do processo!\" \/>\n<meta property=\"og:url\" content=\"https:\/\/thecoursefuture.com\/ca\/011d0f5a-d3f4-4aab-b255-45fb8b837caa\/\" \/>\n<meta property=\"og:site_name\" content=\"The Course Future\" \/>\n<meta property=\"article:published_time\" content=\"2026-02-07T18:33:00+00:00\" \/>\n<meta property=\"article:modified_time\" content=\"2026-02-07T18:33:53+00:00\" \/>\n<meta name=\"author\" content=\"Bruno Gianni\" \/>\n<meta name=\"twitter:card\" content=\"summary_large_image\" \/>\n<meta name=\"twitter:label1\" content=\"Written by\" \/>\n\t<meta name=\"twitter:data1\" content=\"Bruno Gianni\" \/>\n\t<meta name=\"twitter:label2\" content=\"Est. reading time\" \/>\n\t<meta name=\"twitter:data2\" content=\"2 minutes\" \/>\n<script type=\"application\/ld+json\" class=\"yoast-schema-graph\">{\"@context\":\"https:\/\/schema.org\",\"@graph\":[{\"@type\":\"Article\",\"@id\":\"https:\/\/thecoursefuture.com\/011d0f5a-d3f4-4aab-b255-45fb8b837caa\/#article\",\"isPartOf\":{\"@id\":\"https:\/\/thecoursefuture.com\/011d0f5a-d3f4-4aab-b255-45fb8b837caa\/\"},\"author\":{\"name\":\"Bruno Gianni\",\"@id\":\"https:\/\/thecoursefuture.com\/#\/schema\/person\/d52888235fd6563bd07d97185d6a61e4\"},\"headline\":\"Jovem Aprendiz Claro: destaque no programa para primeiro emprego e benef\u00edcios\",\"datePublished\":\"2026-02-07T18:33:00+00:00\",\"dateModified\":\"2026-02-07T18:33:53+00:00\",\"mainEntityOfPage\":{\"@id\":\"https:\/\/thecoursefuture.com\/011d0f5a-d3f4-4aab-b255-45fb8b837caa\/\"},\"wordCount\":469,\"commentCount\":0,\"publisher\":{\"@id\":\"https:\/\/thecoursefuture.com\/#organization\"},\"articleSection\":[\"Hidden\"],\"inLanguage\":\"en-CA\",\"potentialAction\":[{\"@type\":\"CommentAction\",\"name\":\"Comment\",\"target\":[\"https:\/\/thecoursefuture.com\/011d0f5a-d3f4-4aab-b255-45fb8b837caa\/#respond\"]}]},{\"@type\":\"WebPage\",\"@id\":\"https:\/\/thecoursefuture.com\/011d0f5a-d3f4-4aab-b255-45fb8b837caa\/\",\"url\":\"https:\/\/thecoursefuture.com\/011d0f5a-d3f4-4aab-b255-45fb8b837caa\/\",\"name\":\"Jovem Aprendiz Claro: destaque no programa para primeiro emprego e benef\u00edcios - The Course Future\",\"isPartOf\":{\"@id\":\"https:\/\/thecoursefuture.com\/#website\"},\"datePublished\":\"2026-02-07T18:33:00+00:00\",\"dateModified\":\"2026-02-07T18:33:53+00:00\",\"breadcrumb\":{\"@id\":\"https:\/\/thecoursefuture.com\/011d0f5a-d3f4-4aab-b255-45fb8b837caa\/#breadcrumb\"},\"inLanguage\":\"en-CA\",\"potentialAction\":[{\"@type\":\"ReadAction\",\"target\":[\"https:\/\/thecoursefuture.com\/011d0f5a-d3f4-4aab-b255-45fb8b837caa\/\"]}]},{\"@type\":\"BreadcrumbList\",\"@id\":\"https:\/\/thecoursefuture.com\/011d0f5a-d3f4-4aab-b255-45fb8b837caa\/#breadcrumb\",\"itemListElement\":[{\"@type\":\"ListItem\",\"position\":1,\"name\":\"Home\",\"item\":\"https:\/\/thecoursefuture.com\/\"},{\"@type\":\"ListItem\",\"position\":2,\"name\":\"Jovem Aprendiz Claro: destaque no programa para primeiro emprego e benef\u00edcios\"}]},{\"@type\":\"WebSite\",\"@id\":\"https:\/\/thecoursefuture.com\/#website\",\"url\":\"https:\/\/thecoursefuture.com\/\",\"name\":\"The Course Future\",\"description\":\"\",\"publisher\":{\"@id\":\"https:\/\/thecoursefuture.com\/#organization\"},\"potentialAction\":[{\"@type\":\"SearchAction\",\"target\":{\"@type\":\"EntryPoint\",\"urlTemplate\":\"https:\/\/thecoursefuture.com\/?s={search_term_string}\"},\"query-input\":\"required name=search_term_string\"}],\"inLanguage\":\"en-CA\"},{\"@type\":\"Organization\",\"@id\":\"https:\/\/thecoursefuture.com\/#organization\",\"name\":\"The Course Future\",\"url\":\"https:\/\/thecoursefuture.com\/\",\"logo\":{\"@type\":\"ImageObject\",\"inLanguage\":\"en-CA\",\"@id\":\"https:\/\/thecoursefuture.com\/#\/schema\/logo\/image\/\",\"url\":\"https:\/\/thecoursefuture.com\/wp-content\/uploads\/sites\/790\/2026\/03\/cropped-The-Course-Future.jpg\",\"contentUrl\":\"https:\/\/thecoursefuture.com\/wp-content\/uploads\/sites\/790\/2026\/03\/cropped-The-Course-Future.jpg\",\"width\":512,\"height\":512,\"caption\":\"The Course Future\"},\"image\":{\"@id\":\"https:\/\/thecoursefuture.com\/#\/schema\/logo\/image\/\"}},{\"@type\":\"Person\",\"@id\":\"https:\/\/thecoursefuture.com\/#\/schema\/person\/d52888235fd6563bd07d97185d6a61e4\",\"name\":\"Bruno Gianni\",\"image\":{\"@type\":\"ImageObject\",\"inLanguage\":\"en-CA\",\"@id\":\"https:\/\/thecoursefuture.com\/#\/schema\/person\/image\/\",\"url\":\"https:\/\/secure.gravatar.com\/avatar\/0f5d42d7bf77874643c1478932860e3f?s=96&d=mm&r=g\",\"contentUrl\":\"https:\/\/secure.gravatar.com\/avatar\/0f5d42d7bf77874643c1478932860e3f?s=96&d=mm&r=g\",\"caption\":\"Bruno Gianni\"},\"description\":\"Bruno writes the way he lives, with curiosity, care, and respect for people. He likes to observe, listen, and try to understand what is happening on the other side before putting any words on the page.For him, writing is not about impressing, but about getting closer. It is about turning thoughts into something simple, clear, and real. Every text is an ongoing conversation, created with care and honesty, with the sincere intention of touching someone, somewhere along the way.\",\"url\":\"https:\/\/thecoursefuture.com\/ca\/author\/bcgianni\/\"}]}<\/script>\n<!-- \/ Yoast SEO plugin. -->","yoast_head_json":{"title":"Jovem Aprendiz Claro: destaque no programa para primeiro emprego e benef\u00edcios - The Course Future","robots":{"index":"index","follow":"follow","max-snippet":"max-snippet:-1","max-image-preview":"max-image-preview:large","max-video-preview":"max-video-preview:-1"},"canonical":"https:\/\/thecoursefuture.com\/ca\/011d0f5a-d3f4-4aab-b255-45fb8b837caa\/","og_locale":"en_US","og_type":"article","og_title":"Jovem Aprendiz Claro: destaque no programa para primeiro emprego e benef\u00edcios - The Course Future","og_description":"Quer seu primeiro emprego? O Jovem Aprendiz Claro oferece sal\u00e1rio fixo, benef\u00edcios excelentes e forma\u00e7\u00e3o pr\u00e1tica para jovens de 16 a 21 anos. Confira os pr\u00f3s e contras e participe do processo!","og_url":"https:\/\/thecoursefuture.com\/ca\/011d0f5a-d3f4-4aab-b255-45fb8b837caa\/","og_site_name":"The Course Future","article_published_time":"2026-02-07T18:33:00+00:00","article_modified_time":"2026-02-07T18:33:53+00:00","author":"Bruno Gianni","twitter_card":"summary_large_image","twitter_misc":{"Written by":"Bruno Gianni","Est. reading time":"2 minutes"},"schema":{"@context":"https:\/\/schema.org","@graph":[{"@type":"Article","@id":"https:\/\/thecoursefuture.com\/011d0f5a-d3f4-4aab-b255-45fb8b837caa\/#article","isPartOf":{"@id":"https:\/\/thecoursefuture.com\/011d0f5a-d3f4-4aab-b255-45fb8b837caa\/"},"author":{"name":"Bruno Gianni","@id":"https:\/\/thecoursefuture.com\/#\/schema\/person\/d52888235fd6563bd07d97185d6a61e4"},"headline":"Jovem Aprendiz Claro: destaque no programa para primeiro emprego e benef\u00edcios","datePublished":"2026-02-07T18:33:00+00:00","dateModified":"2026-02-07T18:33:53+00:00","mainEntityOfPage":{"@id":"https:\/\/thecoursefuture.com\/011d0f5a-d3f4-4aab-b255-45fb8b837caa\/"},"wordCount":469,"commentCount":0,"publisher":{"@id":"https:\/\/thecoursefuture.com\/#organization"},"articleSection":["Hidden"],"inLanguage":"en-CA","potentialAction":[{"@type":"CommentAction","name":"Comment","target":["https:\/\/thecoursefuture.com\/011d0f5a-d3f4-4aab-b255-45fb8b837caa\/#respond"]}]},{"@type":"WebPage","@id":"https:\/\/thecoursefuture.com\/011d0f5a-d3f4-4aab-b255-45fb8b837caa\/","url":"https:\/\/thecoursefuture.com\/011d0f5a-d3f4-4aab-b255-45fb8b837caa\/","name":"Jovem Aprendiz Claro: destaque no programa para primeiro emprego e benef\u00edcios - The Course Future","isPartOf":{"@id":"https:\/\/thecoursefuture.com\/#website"},"datePublished":"2026-02-07T18:33:00+00:00","dateModified":"2026-02-07T18:33:53+00:00","breadcrumb":{"@id":"https:\/\/thecoursefuture.com\/011d0f5a-d3f4-4aab-b255-45fb8b837caa\/#breadcrumb"},"inLanguage":"en-CA","potentialAction":[{"@type":"ReadAction","target":["https:\/\/thecoursefuture.com\/011d0f5a-d3f4-4aab-b255-45fb8b837caa\/"]}]},{"@type":"BreadcrumbList","@id":"https:\/\/thecoursefuture.com\/011d0f5a-d3f4-4aab-b255-45fb8b837caa\/#breadcrumb","itemListElement":[{"@type":"ListItem","position":1,"name":"Home","item":"https:\/\/thecoursefuture.com\/"},{"@type":"ListItem","position":2,"name":"Jovem Aprendiz Claro: destaque no programa para primeiro emprego e benef\u00edcios"}]},{"@type":"WebSite","@id":"https:\/\/thecoursefuture.com\/#website","url":"https:\/\/thecoursefuture.com\/","name":"The Course Future","description":"","publisher":{"@id":"https:\/\/thecoursefuture.com\/#organization"},"potentialAction":[{"@type":"SearchAction","target":{"@type":"EntryPoint","urlTemplate":"https:\/\/thecoursefuture.com\/?s={search_term_string}"},"query-input":"required name=search_term_string"}],"inLanguage":"en-CA"},{"@type":"Organization","@id":"https:\/\/thecoursefuture.com\/#organization","name":"The Course Future","url":"https:\/\/thecoursefuture.com\/","logo":{"@type":"ImageObject","inLanguage":"en-CA","@id":"https:\/\/thecoursefuture.com\/#\/schema\/logo\/image\/","url":"https:\/\/thecoursefuture.com\/wp-content\/uploads\/sites\/790\/2026\/03\/cropped-The-Course-Future.jpg","contentUrl":"https:\/\/thecoursefuture.com\/wp-content\/uploads\/sites\/790\/2026\/03\/cropped-The-Course-Future.jpg","width":512,"height":512,"caption":"The Course Future"},"image":{"@id":"https:\/\/thecoursefuture.com\/#\/schema\/logo\/image\/"}},{"@type":"Person","@id":"https:\/\/thecoursefuture.com\/#\/schema\/person\/d52888235fd6563bd07d97185d6a61e4","name":"Bruno Gianni","image":{"@type":"ImageObject","inLanguage":"en-CA","@id":"https:\/\/thecoursefuture.com\/#\/schema\/person\/image\/","url":"https:\/\/secure.gravatar.com\/avatar\/0f5d42d7bf77874643c1478932860e3f?s=96&d=mm&r=g","contentUrl":"https:\/\/secure.gravatar.com\/avatar\/0f5d42d7bf77874643c1478932860e3f?s=96&d=mm&r=g","caption":"Bruno Gianni"},"description":"Bruno writes the way he lives, with curiosity, care, and respect for people. He likes to observe, listen, and try to understand what is happening on the other side before putting any words on the page.For him, writing is not about impressing, but about getting closer. It is about turning thoughts into something simple, clear, and real. Every text is an ongoing conversation, created with care and honesty, with the sincere intention of touching someone, somewhere along the way.","url":"https:\/\/thecoursefuture.com\/ca\/author\/bcgianni\/"}]}},"uagb_featured_image_src":{"full":false,"thumbnail":false,"medium":false,"medium_large":false,"large":false,"1536x1536":false,"2048x2048":false,"trp-custom-language-flag":false},"uagb_author_info":{"display_name":"Bruno Gianni","author_link":"https:\/\/thecoursefuture.com\/ca\/author\/bcgianni\/"},"uagb_comment_info":0,"uagb_excerpt":"Quer seu primeiro emprego? O Jovem Aprendiz Claro oferece sal\u00e1rio fixo, benef\u00edcios excelentes e forma\u00e7\u00e3o pr\u00e1tica para jovens de 16 a 21 anos. Confira os pr\u00f3s e contras e participe do processo!","_links":{"self":[{"href":"https:\/\/thecoursefuture.com\/ca\/wp-json\/wp\/v2\/posts\/2382"}],"collection":[{"href":"https:\/\/thecoursefuture.com\/ca\/wp-json\/wp\/v2\/posts"}],"about":[{"href":"https:\/\/thecoursefuture.com\/ca\/wp-json\/wp\/v2\/types\/post"}],"author":[{"embeddable":true,"href":"https:\/\/thecoursefuture.com\/ca\/wp-json\/wp\/v2\/users\/3"}],"replies":[{"embeddable":true,"href":"https:\/\/thecoursefuture.com\/ca\/wp-json\/wp\/v2\/comments?post=2382"}],"version-history":[{"count":1,"href":"https:\/\/thecoursefuture.com\/ca\/wp-json\/wp\/v2\/posts\/2382\/revisions"}],"predecessor-version":[{"id":2383,"href":"https:\/\/thecoursefuture.com\/ca\/wp-json\/wp\/v2\/posts\/2382\/revisions\/2383"}],"wp:attachment":[{"href":"https:\/\/thecoursefuture.com\/ca\/wp-json\/wp\/v2\/media?parent=2382"}],"wp:term":[{"taxonomy":"category","embeddable":true,"href":"https:\/\/thecoursefuture.com\/ca\/wp-json\/wp\/v2\/categories?post=2382"},{"taxonomy":"post_tag","embeddable":true,"href":"https:\/\/thecoursefuture.com\/ca\/wp-json\/wp\/v2\/tags?post=2382"}],"curies":[{"name":"wp","href":"https:\/\/api.w.org\/{rel}","templated":true}]}}